{"id":383,"date":"2025-07-23T12:32:15","date_gmt":"2025-07-23T12:32:15","guid":{"rendered":"https:\/\/davidbarta.cz\/?p=383"},"modified":"2025-07-23T12:32:15","modified_gmt":"2025-07-23T12:32:15","slug":"tvare-ktere-me-mijeji-o-lidech-ktere-jsem-nikdy-nepoznal-ale-na-chvili-jsme-spolu-zili","status":"publish","type":"post","link":"https:\/\/davidbarta.cz\/index.php\/2025\/07\/23\/tvare-ktere-me-mijeji-o-lidech-ktere-jsem-nikdy-nepoznal-ale-na-chvili-jsme-spolu-zili\/","title":{"rendered":"Tv\u00e1\u0159e, kter\u00e9 m\u011b m\u00edjej\u00ed: o lidech, kter\u00e9 jsem nikdy nepoznal, ale na chv\u00edli jsme spolu \u017eili"},"content":{"rendered":"<p data-start=\"454\" data-end=\"586\"><strong>Fotografie v ulici nen\u00ed o p\u00f3ze. Je o momentu, kter\u00fd vznikl, zmizel \u2014 a p\u0159esto z\u016fstal. A n\u011bkdy m\u011b zas\u00e1hl v\u00edc, ne\u017e kdokoli bl\u00edzk\u00fd.<\/strong><\/p>\n<p data-start=\"593\" data-end=\"781\">Stoj\u00edm op\u0159en\u00fd o lampu a d\u00edv\u00e1m se. Tis\u00edce krok\u016f, des\u00edtky pohled\u016f, cinknut\u00ed tramvaje, k\u0159ik d\u00edt\u011bte, ticho za slune\u010dn\u00edmi br\u00fdlemi. Ulice nen\u00ed tich\u00e1. Ale v jej\u00ed kakofonii je jist\u00fd druh harmonie.<\/p>\n<p data-start=\"783\" data-end=\"982\">Nejrad\u011bji fot\u00edm lidi, kte\u0159\u00ed si m\u011b nev\u0161imnou. Ne kv\u016fli tajn\u00e9mu \u0161m\u00edrov\u00e1n\u00ed \u2014 ale proto, \u017ee pr\u00e1v\u011b tehdy jsou pravdiv\u00ed. Nesou v sob\u011b sv\u011bt, kter\u00fd nenos\u00ed pro ostatn\u00ed, jen pro sebe. A j\u00e1 jsem n\u00e1hodou pobl\u00ed\u017e.<\/p>\n<p data-start=\"984\" data-end=\"1233\">Jednou jsem vyfotil star\u00e9ho mu\u017ee, kter\u00fd sed\u011bl u font\u00e1ny a koukal do dlan\u011b. Na prvn\u00ed pohled nic. Ale kdy\u017e jsem pak upravoval fotku, v\u0161iml jsem si, \u017ee se usm\u00edv\u00e1. Jen tak. Mo\u017en\u00e1 myslel na n\u011bkoho, koho u\u017e d\u00e1vno nevid\u011bl. A te\u010f ho m\u00e1 nav\u017edy i moje kamera.<\/p>\n<p data-start=\"1235\" data-end=\"1424\">Focen\u00ed v ulic\u00edch nen\u00ed jednoduch\u00e9. Nejde jen o kompozici a sv\u011btlo. Jde o intuici. Mus\u00ed\u0161 c\u00edtit, kdy p\u0159ij\u00edt bl\u00ed\u017e \u2014 a kdy z\u016fstat d\u00e1l. Kdy cvaknout \u2014 a kdy rad\u011bji nechat v\u011bci plynout bez z\u00e1sahu.<\/p>\n<p data-start=\"1426\" data-end=\"1620\">V zahrani\u010d\u00ed to m\u00e1m jin\u00e9. Jsem anonymn\u00ed. Lid\u00e9 m\u011b ne\u010dtou. Jsem pro n\u011b cizinec s fo\u0165\u00e1kem, n\u011bkdy podez\u0159el\u00fd, n\u011bkdy neviditeln\u00fd. Ale pr\u00e1v\u011b tahle anonymita mi d\u00e1v\u00e1 svobodu vid\u011bt jejich sv\u011bt bez filtr\u016f.<\/p>\n<p data-start=\"1622\" data-end=\"1854\">V Praze je to osobn\u011bj\u0161\u00ed. M\u00e1m pocit, \u017ee tu lid\u00e9 znaj\u00ed m\u016fj pohled, i kdy\u017e m\u011b neznaj\u00ed jm\u00e9nem. Ulice tu von\u00ed jinak. Jsou tu detaily \u2014 popeln\u00edk na okenn\u00edm parapetu, cigareta mezi prsty studentky, ruka ve vlasech \u017eeny \u010dekaj\u00edc\u00ed na zelenou.<\/p>\n<p data-start=\"1856\" data-end=\"2087\">Ka\u017ed\u00fd sn\u00edmek je setk\u00e1n\u00ed. S \u010dlov\u011bkem, kter\u00e9ho neoslov\u00edm. Ale kter\u00e9ho si budu pamatovat d\u00e9le ne\u017e jm\u00e9no n\u011bkoho, s k\u00fdm si d\u00e1m kafe. N\u011bkdy m\u00e1m chu\u0165 ty lidi naj\u00edt. Uk\u00e1zat jim sn\u00edmek. Ale neud\u011bl\u00e1m to. Proto\u017ee v t\u00e9 vzd\u00e1lenosti je i kouzlo.<\/p>\n<p data-start=\"2089\" data-end=\"2343\">Miluju chv\u00edle, kdy slunce prosv\u00edt\u00ed skrz domy a vytvo\u0159\u00ed st\u00edny, ve kter\u00fdch se lid\u00e9 ztr\u00e1c\u00ed i objevuj\u00ed z\u00e1rove\u0148. V t\u011bch st\u00ednech se d\u011bj\u00ed nejup\u0159\u00edmn\u011bj\u0161\u00ed v\u00fdjevy. Matka uklid\u0148uje d\u00edt\u011b. Mu\u017e si ut\u00edr\u00e1 pot z \u010dela. Mlad\u00fd p\u00e1r se dr\u017e\u00ed za ruce. A to v\u0161e jen na p\u00e1r vte\u0159in.<\/p>\n<p data-start=\"2345\" data-end=\"2571\">Zaznamen\u00e1v\u00e1m lidi takov\u00e9, jac\u00ed jsou, ne jak by cht\u011bli b\u00fdt. A n\u011bkdy pr\u00e1v\u011b tehdy jsou nejkr\u00e1sn\u011bj\u0161\u00ed. V pohybu, v nedokonalosti, ve zmatku. Street fotografie nen\u00ed o technick\u00e9 dokonalosti. Je o vnit\u0159n\u00edm pulzu, kter\u00fd najednou sedne.<\/p>\n<p data-start=\"2573\" data-end=\"2739\">Nev\u00edm, co si ti lid\u00e9 mysleli, kam \u0161li, co je \u010dekalo. Ale d\u00edky jednomu cvaknut\u00ed v\u00edm, \u017ee v tu chv\u00edli byli. A j\u00e1 byl s nimi. A to mi n\u011bkdy sta\u010d\u00ed v\u00edc, ne\u017e tis\u00edc slov.<\/p>\n","protected":false},"excerpt":{"rendered":"<p>Fotografie v ulici nen\u00ed o p\u00f3ze. Je o momentu, kter\u00fd vznikl, zmizel \u2014 a p\u0159esto z\u016fstal. A n\u011bkdy m\u011b zas\u00e1hl v\u00edc, ne\u017e kdokoli bl\u00edzk\u00fd. Stoj\u00edm op\u0159en\u00fd o lampu a d\u00edv\u00e1m se. Tis\u00edce krok\u016f, des\u00edtky pohled\u016f, cinknut\u00ed tramvaje, k\u0159ik d\u00edt\u011bte, ticho za slune\u010dn\u00edmi br\u00fdlemi. Ulice nen\u00ed tich\u00e1. Ale v jej\u00ed kakofonii je jist\u00fd druh harmonie. Nejrad\u011bji&#8230;<\/p>\n","protected":false},"author":1,"featured_media":384,"comment_status":"open","ping_status":"open","sticky":false,"template":"","format":"standard","meta":{"_kad_post_transparent":"default","_kad_post_title":"default","_kad_post_layout":"default","_kad_post_sidebar_id":"","_kad_post_content_style":"default","_kad_post_vertical_padding":"default","_kad_post_feature":"","_kad_post_feature_position":"","_kad_post_header":false,"_kad_post_footer":false,"footnotes":""},"categories":[4],"tags":[],"class_list":["post-383","post","type-post","status-publish","format-standard","has-post-thumbnail","hentry","category-ulice"],"_links":{"self":[{"href":"https:\/\/davidbarta.cz\/index.php\/wp-json\/wp\/v2\/posts\/383","targetHints":{"allow":["GET"]}}],"collection":[{"href":"https:\/\/davidbarta.cz\/index.php\/wp-json\/wp\/v2\/posts"}],"about":[{"href":"https:\/\/davidbarta.cz\/index.php\/wp-json\/wp\/v2\/types\/post"}],"author":[{"embeddable":true,"href":"https:\/\/davidbarta.cz\/index.php\/wp-json\/wp\/v2\/users\/1"}],"replies":[{"embeddable":true,"href":"https:\/\/davidbarta.cz\/index.php\/wp-json\/wp\/v2\/comments?post=383"}],"version-history":[{"count":1,"href":"https:\/\/davidbarta.cz\/index.php\/wp-json\/wp\/v2\/posts\/383\/revisions"}],"predecessor-version":[{"id":385,"href":"https:\/\/davidbarta.cz\/index.php\/wp-json\/wp\/v2\/posts\/383\/revisions\/385"}],"wp:featuredmedia":[{"embeddable":true,"href":"https:\/\/davidbarta.cz\/index.php\/wp-json\/wp\/v2\/media\/384"}],"wp:attachment":[{"href":"https:\/\/davidbarta.cz\/index.php\/wp-json\/wp\/v2\/media?parent=383"}],"wp:term":[{"taxonomy":"category","embeddable":true,"href":"https:\/\/davidbarta.cz\/index.php\/wp-json\/wp\/v2\/categories?post=383"},{"taxonomy":"post_tag","embeddable":true,"href":"https:\/\/davidbarta.cz\/index.php\/wp-json\/wp\/v2\/tags?post=383"}],"curies":[{"name":"wp","href":"https:\/\/api.w.org\/{rel}","templated":true}]}}